{"id":116,"date":"2021-05-09T03:24:28","date_gmt":"2021-05-09T01:24:28","guid":{"rendered":"http:\/\/djeepy.dyndns.org\/?p=116"},"modified":"2022-04-17T19:41:46","modified_gmt":"2022-04-17T17:41:46","slug":"soleil-et-voeu","status":"publish","type":"post","link":"https:\/\/djeepy-photographie.blogsite.org\/?p=116","title":{"rendered":"Les jumeaux"},"content":{"rendered":"\n<p>Lever de soleil sur les clochers de l&rsquo;\u00e9glise du V\u0153u. Photo prise \u00e0 Cherbourg, dans le Cotentin.<\/p>\n\n\n\n<div class=\"wp-block-image\"><figure class=\"alignleft size-large is-resized\"><a href=\"https:\/\/djeepy-photographie.blogsite.org\/wp-content\/uploads\/2021\/06\/clochers-voeu.jpg\"><img loading=\"lazy\" decoding=\"async\" src=\"https:\/\/djeepy-photographie.blogsite.org\/wp-content\/uploads\/2021\/06\/clochers-voeu.jpg\" alt=\"photo du soleil cach\u00e9 par un nuage et deux clochers d'\u00e9glise\" class=\"wp-image-893\" width=\"750\" height=\"294\"\/><\/a><figcaption>NIKON D3200 f\/5.6 1\/2500sec ISO-100 220mm<\/figcaption><\/figure><\/div>\n","protected":false},"excerpt":{"rendered":"<p>Lever de soleil sur les clochers de l&rsquo;\u00e9glise du V\u0153u. Photo prise \u00e0 Cherbourg, dans le Cotentin.<\/p>\n","protected":false},"author":1,"featured_media":894,"comment_status":"open","ping_status":"open","sticky":false,"template":"","format":"standard","meta":{"footnotes":""},"categories":[27,9,36],"tags":[],"class_list":["post-116","post","type-post","status-publish","format-standard","has-post-thumbnail","hentry","category-astres","category-paysage","category-pele-mele"],"_links":{"self":[{"href":"https:\/\/djeepy-photographie.blogsite.org\/index.php?rest_route=\/wp\/v2\/posts\/116","targetHints":{"allow":["GET"]}}],"collection":[{"href":"https:\/\/djeepy-photographie.blogsite.org\/index.php?rest_route=\/wp\/v2\/posts"}],"about":[{"href":"https:\/\/djeepy-photographie.blogsite.org\/index.php?rest_route=\/wp\/v2\/types\/post"}],"author":[{"embeddable":true,"href":"https:\/\/djeepy-photographie.blogsite.org\/index.php?rest_route=\/wp\/v2\/users\/1"}],"replies":[{"embeddable":true,"href":"https:\/\/djeepy-photographie.blogsite.org\/index.php?rest_route=%2Fwp%2Fv2%2Fcomments&post=116"}],"version-history":[{"count":14,"href":"https:\/\/djeepy-photographie.blogsite.org\/index.php?rest_route=\/wp\/v2\/posts\/116\/revisions"}],"predecessor-version":[{"id":1929,"href":"https:\/\/djeepy-photographie.blogsite.org\/index.php?rest_route=\/wp\/v2\/posts\/116\/revisions\/1929"}],"wp:featuredmedia":[{"embeddable":true,"href":"https:\/\/djeepy-photographie.blogsite.org\/index.php?rest_route=\/wp\/v2\/media\/894"}],"wp:attachment":[{"href":"https:\/\/djeepy-photographie.blogsite.org\/index.php?rest_route=%2Fwp%2Fv2%2Fmedia&parent=116"}],"wp:term":[{"taxonomy":"category","embeddable":true,"href":"https:\/\/djeepy-photographie.blogsite.org\/index.php?rest_route=%2Fwp%2Fv2%2Fcategories&post=116"},{"taxonomy":"post_tag","embeddable":true,"href":"https:\/\/djeepy-photographie.blogsite.org\/index.php?rest_route=%2Fwp%2Fv2%2Ftags&post=116"}],"curies":[{"name":"wp","href":"https:\/\/api.w.org\/{rel}","templated":true}]}}