{"id":1309,"date":"2021-09-08T18:21:01","date_gmt":"2021-09-08T16:21:01","guid":{"rendered":"https:\/\/djeepy-photographie.blogsite.org\/?p=1309"},"modified":"2021-10-01T11:57:36","modified_gmt":"2021-10-01T09:57:36","slug":"soleil-est-rond","status":"publish","type":"post","link":"https:\/\/djeepy-photographie.blogsite.org\/?p=1309","title":{"rendered":"Le soleil est rond"},"content":{"rendered":"\n<p>Un h\u00e9ron s&rsquo;invite dans ma s\u00e9rie sp\u00e9ciale soleil. Photo prise \u00e0 Equeurdreville, dans le Cotentin.<\/p>\n\n\n\n<figure class=\"wp-block-image size-full is-resized\"><a href=\"https:\/\/djeepy-photographie.blogsite.org\/wp-content\/uploads\/2021\/09\/soleil-heron-1.jpg\"><img loading=\"lazy\" decoding=\"async\" src=\"https:\/\/djeepy-photographie.blogsite.org\/wp-content\/uploads\/2021\/09\/soleil-heron-1.jpg\" alt=\"un h\u00e9ron en silhouette survole le soleil levant\" class=\"wp-image-1338\" width=\"501\" height=\"750\" srcset=\"https:\/\/djeepy-photographie.blogsite.org\/wp-content\/uploads\/2021\/09\/soleil-heron-1.jpg 1001w, https:\/\/djeepy-photographie.blogsite.org\/wp-content\/uploads\/2021\/09\/soleil-heron-1-200x300.jpg 200w, https:\/\/djeepy-photographie.blogsite.org\/wp-content\/uploads\/2021\/09\/soleil-heron-1-768x1151.jpg 768w, https:\/\/djeepy-photographie.blogsite.org\/wp-content\/uploads\/2021\/09\/soleil-heron-1-830x1244.jpg 830w, https:\/\/djeepy-photographie.blogsite.org\/wp-content\/uploads\/2021\/09\/soleil-heron-1-230x345.jpg 230w, https:\/\/djeepy-photographie.blogsite.org\/wp-content\/uploads\/2021\/09\/soleil-heron-1-350x524.jpg 350w, https:\/\/djeepy-photographie.blogsite.org\/wp-content\/uploads\/2021\/09\/soleil-heron-1-480x719.jpg 480w\" sizes=\"auto, (max-width: 501px) 100vw, 501px\" \/><\/a><figcaption>NIKON D7200 f\/7.1 1\/1000sec ISO-100 70mm<\/figcaption><\/figure>\n","protected":false},"excerpt":{"rendered":"<p>Un h\u00e9ron s&rsquo;invite dans ma s\u00e9rie sp\u00e9ciale soleil. Photo prise \u00e0 Equeurdreville, dans le Cotentin.<\/p>\n","protected":false},"author":1,"featured_media":1335,"comment_status":"open","ping_status":"open","sticky":false,"template":"","format":"standard","meta":{"footnotes":""},"categories":[27,4,8,5,9,36],"tags":[],"class_list":["post-1309","post","type-post","status-publish","format-standard","has-post-thumbnail","hentry","category-astres","category-faune","category-mer","category-oiseau","category-paysage","category-pele-mele"],"_links":{"self":[{"href":"https:\/\/djeepy-photographie.blogsite.org\/index.php?rest_route=\/wp\/v2\/posts\/1309","targetHints":{"allow":["GET"]}}],"collection":[{"href":"https:\/\/djeepy-photographie.blogsite.org\/index.php?rest_route=\/wp\/v2\/posts"}],"about":[{"href":"https:\/\/djeepy-photographie.blogsite.org\/index.php?rest_route=\/wp\/v2\/types\/post"}],"author":[{"embeddable":true,"href":"https:\/\/djeepy-photographie.blogsite.org\/index.php?rest_route=\/wp\/v2\/users\/1"}],"replies":[{"embeddable":true,"href":"https:\/\/djeepy-photographie.blogsite.org\/index.php?rest_route=%2Fwp%2Fv2%2Fcomments&post=1309"}],"version-history":[{"count":4,"href":"https:\/\/djeepy-photographie.blogsite.org\/index.php?rest_route=\/wp\/v2\/posts\/1309\/revisions"}],"predecessor-version":[{"id":1552,"href":"https:\/\/djeepy-photographie.blogsite.org\/index.php?rest_route=\/wp\/v2\/posts\/1309\/revisions\/1552"}],"wp:featuredmedia":[{"embeddable":true,"href":"https:\/\/djeepy-photographie.blogsite.org\/index.php?rest_route=\/wp\/v2\/media\/1335"}],"wp:attachment":[{"href":"https:\/\/djeepy-photographie.blogsite.org\/index.php?rest_route=%2Fwp%2Fv2%2Fmedia&parent=1309"}],"wp:term":[{"taxonomy":"category","embeddable":true,"href":"https:\/\/djeepy-photographie.blogsite.org\/index.php?rest_route=%2Fwp%2Fv2%2Fcategories&post=1309"},{"taxonomy":"post_tag","embeddable":true,"href":"https:\/\/djeepy-photographie.blogsite.org\/index.php?rest_route=%2Fwp%2Fv2%2Ftags&post=1309"}],"curies":[{"name":"wp","href":"https:\/\/api.w.org\/{rel}","templated":true}]}}