{"id":1988,"date":"2022-05-08T18:47:25","date_gmt":"2022-05-08T16:47:25","guid":{"rendered":"https:\/\/djeepy-photographie.blogsite.org\/?p=1988"},"modified":"2022-05-08T18:51:45","modified_gmt":"2022-05-08T16:51:45","slug":"enorme","status":"publish","type":"post","link":"https:\/\/djeepy-photographie.blogsite.org\/?p=1988","title":{"rendered":"\u00c9n\u00f4rme!!"},"content":{"rendered":"\n<p>Un bien joli sp\u00e9cimen de frelon europ\u00e9en. Photo prise \u00e0 Cherbourg, dans le Cotentin.<\/p>\n\n\n\n<figure class=\"wp-block-image size-full is-resized\"><a href=\"https:\/\/djeepy-photographie.blogsite.org\/wp-content\/uploads\/2022\/05\/frelon-europeen.jpg\"><img loading=\"lazy\" decoding=\"async\" src=\"https:\/\/djeepy-photographie.blogsite.org\/wp-content\/uploads\/2022\/05\/frelon-europeen.jpg\" alt=\"Frelon europ\u00e9en en train de butiner\" class=\"wp-image-1996\" width=\"750\" height=\"501\" srcset=\"https:\/\/djeepy-photographie.blogsite.org\/wp-content\/uploads\/2022\/05\/frelon-europeen.jpg 1500w, https:\/\/djeepy-photographie.blogsite.org\/wp-content\/uploads\/2022\/05\/frelon-europeen-300x200.jpg 300w, https:\/\/djeepy-photographie.blogsite.org\/wp-content\/uploads\/2022\/05\/frelon-europeen-768x513.jpg 768w, https:\/\/djeepy-photographie.blogsite.org\/wp-content\/uploads\/2022\/05\/frelon-europeen-920x614.jpg 920w, https:\/\/djeepy-photographie.blogsite.org\/wp-content\/uploads\/2022\/05\/frelon-europeen-230x153.jpg 230w, https:\/\/djeepy-photographie.blogsite.org\/wp-content\/uploads\/2022\/05\/frelon-europeen-350x234.jpg 350w, https:\/\/djeepy-photographie.blogsite.org\/wp-content\/uploads\/2022\/05\/frelon-europeen-480x320.jpg 480w\" sizes=\"auto, (max-width: 750px) 100vw, 750px\" \/><\/a><figcaption>NIKON D7200 f\/6.3 1\/400sec ISO-160 400mm<\/figcaption><\/figure>\n","protected":false},"excerpt":{"rendered":"<p>Un bien joli sp\u00e9cimen de frelon europ\u00e9en. Photo prise \u00e0 Cherbourg, dans le Cotentin.<\/p>\n","protected":false},"author":1,"featured_media":1982,"comment_status":"open","ping_status":"open","sticky":false,"template":"","format":"standard","meta":{"footnotes":""},"categories":[4,36,17],"tags":[],"class_list":["post-1988","post","type-post","status-publish","format-standard","has-post-thumbnail","hentry","category-faune","category-pele-mele","category-proxy-photo"],"_links":{"self":[{"href":"https:\/\/djeepy-photographie.blogsite.org\/index.php?rest_route=\/wp\/v2\/posts\/1988","targetHints":{"allow":["GET"]}}],"collection":[{"href":"https:\/\/djeepy-photographie.blogsite.org\/index.php?rest_route=\/wp\/v2\/posts"}],"about":[{"href":"https:\/\/djeepy-photographie.blogsite.org\/index.php?rest_route=\/wp\/v2\/types\/post"}],"author":[{"embeddable":true,"href":"https:\/\/djeepy-photographie.blogsite.org\/index.php?rest_route=\/wp\/v2\/users\/1"}],"replies":[{"embeddable":true,"href":"https:\/\/djeepy-photographie.blogsite.org\/index.php?rest_route=%2Fwp%2Fv2%2Fcomments&post=1988"}],"version-history":[{"count":3,"href":"https:\/\/djeepy-photographie.blogsite.org\/index.php?rest_route=\/wp\/v2\/posts\/1988\/revisions"}],"predecessor-version":[{"id":1997,"href":"https:\/\/djeepy-photographie.blogsite.org\/index.php?rest_route=\/wp\/v2\/posts\/1988\/revisions\/1997"}],"wp:featuredmedia":[{"embeddable":true,"href":"https:\/\/djeepy-photographie.blogsite.org\/index.php?rest_route=\/wp\/v2\/media\/1982"}],"wp:attachment":[{"href":"https:\/\/djeepy-photographie.blogsite.org\/index.php?rest_route=%2Fwp%2Fv2%2Fmedia&parent=1988"}],"wp:term":[{"taxonomy":"category","embeddable":true,"href":"https:\/\/djeepy-photographie.blogsite.org\/index.php?rest_route=%2Fwp%2Fv2%2Fcategories&post=1988"},{"taxonomy":"post_tag","embeddable":true,"href":"https:\/\/djeepy-photographie.blogsite.org\/index.php?rest_route=%2Fwp%2Fv2%2Ftags&post=1988"}],"curies":[{"name":"wp","href":"https:\/\/api.w.org\/{rel}","templated":true}]}}