{"id":2036,"date":"2022-05-25T18:06:16","date_gmt":"2022-05-25T16:06:16","guid":{"rendered":"https:\/\/djeepy-photographie.blogsite.org\/?p=2036"},"modified":"2022-05-25T18:23:03","modified_gmt":"2022-05-25T16:23:03","slug":"spider-ball","status":"publish","type":"post","link":"https:\/\/djeepy-photographie.blogsite.org\/?p=2036","title":{"rendered":"Spider ball"},"content":{"rendered":"\n<p>Troublant cocon d&rsquo;araign\u00e9es \u00e9peires fasci\u00e9es. Photo prise \u00e0 Cherbourg, dans le Cotentin.<\/p>\n\n\n\n<figure class=\"wp-block-image size-full is-resized\"><a href=\"https:\/\/djeepy-photographie.blogsite.org\/wp-content\/uploads\/2022\/05\/cocon-epeires-fasciees.jpg\"><img loading=\"lazy\" decoding=\"async\" src=\"https:\/\/djeepy-photographie.blogsite.org\/wp-content\/uploads\/2022\/05\/cocon-epeires-fasciees.jpg\" alt=\"Cocon d'araign\u00e9es \u00e9peires fasci\u00e9es\" class=\"wp-image-2033\" width=\"750\" height=\"501\" srcset=\"https:\/\/djeepy-photographie.blogsite.org\/wp-content\/uploads\/2022\/05\/cocon-epeires-fasciees.jpg 1500w, https:\/\/djeepy-photographie.blogsite.org\/wp-content\/uploads\/2022\/05\/cocon-epeires-fasciees-300x200.jpg 300w, https:\/\/djeepy-photographie.blogsite.org\/wp-content\/uploads\/2022\/05\/cocon-epeires-fasciees-768x513.jpg 768w, https:\/\/djeepy-photographie.blogsite.org\/wp-content\/uploads\/2022\/05\/cocon-epeires-fasciees-920x614.jpg 920w, https:\/\/djeepy-photographie.blogsite.org\/wp-content\/uploads\/2022\/05\/cocon-epeires-fasciees-230x153.jpg 230w, https:\/\/djeepy-photographie.blogsite.org\/wp-content\/uploads\/2022\/05\/cocon-epeires-fasciees-350x234.jpg 350w, https:\/\/djeepy-photographie.blogsite.org\/wp-content\/uploads\/2022\/05\/cocon-epeires-fasciees-480x320.jpg 480w\" sizes=\"auto, (max-width: 750px) 100vw, 750px\" \/><\/a><figcaption>NIKON D3200 f\/14 1\/500sec ISO-400 90mm<\/figcaption><\/figure>\n","protected":false},"excerpt":{"rendered":"<p>Troublant cocon d&rsquo;araign\u00e9es \u00e9peires fasci\u00e9es. Photo prise \u00e0 Cherbourg, dans le Cotentin.<\/p>\n","protected":false},"author":1,"featured_media":2030,"comment_status":"open","ping_status":"open","sticky":false,"template":"","format":"standard","meta":{"footnotes":""},"categories":[4,37,36],"tags":[],"class_list":["post-2036","post","type-post","status-publish","format-standard","has-post-thumbnail","hentry","category-faune","category-macro-photo","category-pele-mele"],"_links":{"self":[{"href":"https:\/\/djeepy-photographie.blogsite.org\/index.php?rest_route=\/wp\/v2\/posts\/2036","targetHints":{"allow":["GET"]}}],"collection":[{"href":"https:\/\/djeepy-photographie.blogsite.org\/index.php?rest_route=\/wp\/v2\/posts"}],"about":[{"href":"https:\/\/djeepy-photographie.blogsite.org\/index.php?rest_route=\/wp\/v2\/types\/post"}],"author":[{"embeddable":true,"href":"https:\/\/djeepy-photographie.blogsite.org\/index.php?rest_route=\/wp\/v2\/users\/1"}],"replies":[{"embeddable":true,"href":"https:\/\/djeepy-photographie.blogsite.org\/index.php?rest_route=%2Fwp%2Fv2%2Fcomments&post=2036"}],"version-history":[{"count":2,"href":"https:\/\/djeepy-photographie.blogsite.org\/index.php?rest_route=\/wp\/v2\/posts\/2036\/revisions"}],"predecessor-version":[{"id":2044,"href":"https:\/\/djeepy-photographie.blogsite.org\/index.php?rest_route=\/wp\/v2\/posts\/2036\/revisions\/2044"}],"wp:featuredmedia":[{"embeddable":true,"href":"https:\/\/djeepy-photographie.blogsite.org\/index.php?rest_route=\/wp\/v2\/media\/2030"}],"wp:attachment":[{"href":"https:\/\/djeepy-photographie.blogsite.org\/index.php?rest_route=%2Fwp%2Fv2%2Fmedia&parent=2036"}],"wp:term":[{"taxonomy":"category","embeddable":true,"href":"https:\/\/djeepy-photographie.blogsite.org\/index.php?rest_route=%2Fwp%2Fv2%2Fcategories&post=2036"},{"taxonomy":"post_tag","embeddable":true,"href":"https:\/\/djeepy-photographie.blogsite.org\/index.php?rest_route=%2Fwp%2Fv2%2Ftags&post=2036"}],"curies":[{"name":"wp","href":"https:\/\/api.w.org\/{rel}","templated":true}]}}