{"id":2040,"date":"2022-05-25T18:18:06","date_gmt":"2022-05-25T16:18:06","guid":{"rendered":"https:\/\/djeepy-photographie.blogsite.org\/?p=2040"},"modified":"2022-05-25T18:19:48","modified_gmt":"2022-05-25T16:19:48","slug":"harmonie","status":"publish","type":"post","link":"https:\/\/djeepy-photographie.blogsite.org\/?p=2040","title":{"rendered":"Harmonie"},"content":{"rendered":"\n<p>Traquet motteux bien adapt\u00e9 \u00e0 son habitat. Photo prise \u00e0 Barneville, dans le Cotentin.<\/p>\n\n\n\n<figure class=\"wp-block-image size-full is-resized\"><a href=\"https:\/\/djeepy-photographie.blogsite.org\/wp-content\/uploads\/2022\/05\/traquet-motteux.jpg\"><img loading=\"lazy\" decoding=\"async\" src=\"https:\/\/djeepy-photographie.blogsite.org\/wp-content\/uploads\/2022\/05\/traquet-motteux.jpg\" alt=\"Traquet motteux pos\u00e9 dans l'herbe\" class=\"wp-image-2031\" width=\"750\" height=\"501\" srcset=\"https:\/\/djeepy-photographie.blogsite.org\/wp-content\/uploads\/2022\/05\/traquet-motteux.jpg 1500w, https:\/\/djeepy-photographie.blogsite.org\/wp-content\/uploads\/2022\/05\/traquet-motteux-300x200.jpg 300w, https:\/\/djeepy-photographie.blogsite.org\/wp-content\/uploads\/2022\/05\/traquet-motteux-768x513.jpg 768w, https:\/\/djeepy-photographie.blogsite.org\/wp-content\/uploads\/2022\/05\/traquet-motteux-920x614.jpg 920w, https:\/\/djeepy-photographie.blogsite.org\/wp-content\/uploads\/2022\/05\/traquet-motteux-230x153.jpg 230w, https:\/\/djeepy-photographie.blogsite.org\/wp-content\/uploads\/2022\/05\/traquet-motteux-350x234.jpg 350w, https:\/\/djeepy-photographie.blogsite.org\/wp-content\/uploads\/2022\/05\/traquet-motteux-480x320.jpg 480w\" sizes=\"auto, (max-width: 750px) 100vw, 750px\" \/><\/a><figcaption>NIKON D7200 f\/6.3 1\/400sec ISO-250 400mm<\/figcaption><\/figure>\n","protected":false},"excerpt":{"rendered":"<p>Traquet motteux bien adapt\u00e9 \u00e0 son habitat. Photo prise \u00e0 Barneville, dans le Cotentin.<\/p>\n","protected":false},"author":1,"featured_media":2028,"comment_status":"open","ping_status":"open","sticky":false,"template":"","format":"standard","meta":{"footnotes":""},"categories":[5,36],"tags":[],"class_list":["post-2040","post","type-post","status-publish","format-standard","has-post-thumbnail","hentry","category-oiseau","category-pele-mele"],"_links":{"self":[{"href":"https:\/\/djeepy-photographie.blogsite.org\/index.php?rest_route=\/wp\/v2\/posts\/2040","targetHints":{"allow":["GET"]}}],"collection":[{"href":"https:\/\/djeepy-photographie.blogsite.org\/index.php?rest_route=\/wp\/v2\/posts"}],"about":[{"href":"https:\/\/djeepy-photographie.blogsite.org\/index.php?rest_route=\/wp\/v2\/types\/post"}],"author":[{"embeddable":true,"href":"https:\/\/djeepy-photographie.blogsite.org\/index.php?rest_route=\/wp\/v2\/users\/1"}],"replies":[{"embeddable":true,"href":"https:\/\/djeepy-photographie.blogsite.org\/index.php?rest_route=%2Fwp%2Fv2%2Fcomments&post=2040"}],"version-history":[{"count":3,"href":"https:\/\/djeepy-photographie.blogsite.org\/index.php?rest_route=\/wp\/v2\/posts\/2040\/revisions"}],"predecessor-version":[{"id":2043,"href":"https:\/\/djeepy-photographie.blogsite.org\/index.php?rest_route=\/wp\/v2\/posts\/2040\/revisions\/2043"}],"wp:featuredmedia":[{"embeddable":true,"href":"https:\/\/djeepy-photographie.blogsite.org\/index.php?rest_route=\/wp\/v2\/media\/2028"}],"wp:attachment":[{"href":"https:\/\/djeepy-photographie.blogsite.org\/index.php?rest_route=%2Fwp%2Fv2%2Fmedia&parent=2040"}],"wp:term":[{"taxonomy":"category","embeddable":true,"href":"https:\/\/djeepy-photographie.blogsite.org\/index.php?rest_route=%2Fwp%2Fv2%2Fcategories&post=2040"},{"taxonomy":"post_tag","embeddable":true,"href":"https:\/\/djeepy-photographie.blogsite.org\/index.php?rest_route=%2Fwp%2Fv2%2Ftags&post=2040"}],"curies":[{"name":"wp","href":"https:\/\/api.w.org\/{rel}","templated":true}]}}