{"id":282,"date":"2021-05-21T05:08:28","date_gmt":"2021-05-21T03:08:28","guid":{"rendered":"http:\/\/djeepy.dyndns.org\/?p=282"},"modified":"2021-09-12T19:42:59","modified_gmt":"2021-09-12T17:42:59","slug":"https-jangles-fr-photolab-index-php-2021-05-21-la-dame-au-barbele-2","status":"publish","type":"post","link":"https:\/\/djeepy-photographie.blogsite.org\/?p=282","title":{"rendered":"La dame au barbel\u00e9"},"content":{"rendered":"\n<p>Fauvette \u00e0 t\u00eate noire femelle. Photo prise \u00e0 l&rsquo;\u00e9tang des Costils, \u00e0 Tourlaville dans le Cotentin.<\/p>\n\n\n\n<figure class=\"wp-block-image size-large is-resized\"><a href=\"https:\/\/djeepy-photographie.blogsite.org\/wp-content\/uploads\/2021\/06\/fauvette-tete-noire-femelle.jpg\"><img loading=\"lazy\" decoding=\"async\" src=\"https:\/\/djeepy-photographie.blogsite.org\/wp-content\/uploads\/2021\/06\/fauvette-tete-noire-femelle.jpg\" alt=\"photo de fauvette \u00e0 t\u00eate noire femelle pos\u00e9e sur un barbel\u00e9\" class=\"wp-image-826\" width=\"750\" height=\"561\"\/><\/a><figcaption>NIKON D3200 f\/5.6 1\/500sec ISO-180 300mm<\/figcaption><\/figure>\n","protected":false},"excerpt":{"rendered":"<p>Fauvette \u00e0 t\u00eate noire femelle. Photo prise \u00e0 l&rsquo;\u00e9tang des Costils, \u00e0 Tourlaville dans le Cotentin.<\/p>\n","protected":false},"author":1,"featured_media":818,"comment_status":"open","ping_status":"open","sticky":false,"template":"","format":"standard","meta":{"footnotes":""},"categories":[5,36],"tags":[],"class_list":["post-282","post","type-post","status-publish","format-standard","has-post-thumbnail","hentry","category-oiseau","category-pele-mele"],"_links":{"self":[{"href":"https:\/\/djeepy-photographie.blogsite.org\/index.php?rest_route=\/wp\/v2\/posts\/282","targetHints":{"allow":["GET"]}}],"collection":[{"href":"https:\/\/djeepy-photographie.blogsite.org\/index.php?rest_route=\/wp\/v2\/posts"}],"about":[{"href":"https:\/\/djeepy-photographie.blogsite.org\/index.php?rest_route=\/wp\/v2\/types\/post"}],"author":[{"embeddable":true,"href":"https:\/\/djeepy-photographie.blogsite.org\/index.php?rest_route=\/wp\/v2\/users\/1"}],"replies":[{"embeddable":true,"href":"https:\/\/djeepy-photographie.blogsite.org\/index.php?rest_route=%2Fwp%2Fv2%2Fcomments&post=282"}],"version-history":[{"count":11,"href":"https:\/\/djeepy-photographie.blogsite.org\/index.php?rest_route=\/wp\/v2\/posts\/282\/revisions"}],"predecessor-version":[{"id":1418,"href":"https:\/\/djeepy-photographie.blogsite.org\/index.php?rest_route=\/wp\/v2\/posts\/282\/revisions\/1418"}],"wp:featuredmedia":[{"embeddable":true,"href":"https:\/\/djeepy-photographie.blogsite.org\/index.php?rest_route=\/wp\/v2\/media\/818"}],"wp:attachment":[{"href":"https:\/\/djeepy-photographie.blogsite.org\/index.php?rest_route=%2Fwp%2Fv2%2Fmedia&parent=282"}],"wp:term":[{"taxonomy":"category","embeddable":true,"href":"https:\/\/djeepy-photographie.blogsite.org\/index.php?rest_route=%2Fwp%2Fv2%2Fcategories&post=282"},{"taxonomy":"post_tag","embeddable":true,"href":"https:\/\/djeepy-photographie.blogsite.org\/index.php?rest_route=%2Fwp%2Fv2%2Ftags&post=282"}],"curies":[{"name":"wp","href":"https:\/\/api.w.org\/{rel}","templated":true}]}}