{"id":284,"date":"2021-05-21T05:12:05","date_gmt":"2021-05-21T03:12:05","guid":{"rendered":"http:\/\/djeepy.dyndns.org\/?p=284"},"modified":"2021-09-12T19:42:45","modified_gmt":"2021-09-12T17:42:45","slug":"fauvette-male","status":"publish","type":"post","link":"https:\/\/djeepy-photographie.blogsite.org\/?p=284","title":{"rendered":"Les feux de la rampe"},"content":{"rendered":"\n<p>Fauvette \u00e0 t\u00eate noire m\u00e2le. Photo prise \u00e0 l&rsquo;\u00e9tang des Costils, \u00e0 Tourlaville dans le Cotentin.<\/p>\n\n\n\n<figure class=\"wp-block-image size-large is-resized\"><a href=\"https:\/\/djeepy-photographie.blogsite.org\/wp-content\/uploads\/2021\/06\/fauvette-tete-noire-male.jpg\"><img loading=\"lazy\" decoding=\"async\" src=\"https:\/\/djeepy-photographie.blogsite.org\/wp-content\/uploads\/2021\/06\/fauvette-tete-noire-male.jpg\" alt=\"photo de fauvette \u00e0 t\u00eate noire m\u00e2le pos\u00e9e sur une branche\" class=\"wp-image-825\" width=\"750\" height=\"517\"\/><\/a><figcaption>NIKON D3200 f\/5.6 1\/500sec ISO-560 300mm<\/figcaption><\/figure>\n","protected":false},"excerpt":{"rendered":"<p>Fauvette \u00e0 t\u00eate noire m\u00e2le. Photo prise \u00e0 l&rsquo;\u00e9tang des Costils, \u00e0 Tourlaville dans le Cotentin.<\/p>\n","protected":false},"author":1,"featured_media":819,"comment_status":"open","ping_status":"open","sticky":false,"template":"","format":"standard","meta":{"footnotes":""},"categories":[5,36],"tags":[],"class_list":["post-284","post","type-post","status-publish","format-standard","has-post-thumbnail","hentry","category-oiseau","category-pele-mele"],"_links":{"self":[{"href":"https:\/\/djeepy-photographie.blogsite.org\/index.php?rest_route=\/wp\/v2\/posts\/284","targetHints":{"allow":["GET"]}}],"collection":[{"href":"https:\/\/djeepy-photographie.blogsite.org\/index.php?rest_route=\/wp\/v2\/posts"}],"about":[{"href":"https:\/\/djeepy-photographie.blogsite.org\/index.php?rest_route=\/wp\/v2\/types\/post"}],"author":[{"embeddable":true,"href":"https:\/\/djeepy-photographie.blogsite.org\/index.php?rest_route=\/wp\/v2\/users\/1"}],"replies":[{"embeddable":true,"href":"https:\/\/djeepy-photographie.blogsite.org\/index.php?rest_route=%2Fwp%2Fv2%2Fcomments&post=284"}],"version-history":[{"count":13,"href":"https:\/\/djeepy-photographie.blogsite.org\/index.php?rest_route=\/wp\/v2\/posts\/284\/revisions"}],"predecessor-version":[{"id":1417,"href":"https:\/\/djeepy-photographie.blogsite.org\/index.php?rest_route=\/wp\/v2\/posts\/284\/revisions\/1417"}],"wp:featuredmedia":[{"embeddable":true,"href":"https:\/\/djeepy-photographie.blogsite.org\/index.php?rest_route=\/wp\/v2\/media\/819"}],"wp:attachment":[{"href":"https:\/\/djeepy-photographie.blogsite.org\/index.php?rest_route=%2Fwp%2Fv2%2Fmedia&parent=284"}],"wp:term":[{"taxonomy":"category","embeddable":true,"href":"https:\/\/djeepy-photographie.blogsite.org\/index.php?rest_route=%2Fwp%2Fv2%2Fcategories&post=284"},{"taxonomy":"post_tag","embeddable":true,"href":"https:\/\/djeepy-photographie.blogsite.org\/index.php?rest_route=%2Fwp%2Fv2%2Ftags&post=284"}],"curies":[{"name":"wp","href":"https:\/\/api.w.org\/{rel}","templated":true}]}}