{"id":619,"date":"2021-05-27T21:37:20","date_gmt":"2021-05-27T19:37:20","guid":{"rendered":"http:\/\/djeepy.dyndns.org\/?p=619"},"modified":"2021-09-12T19:49:12","modified_gmt":"2021-09-12T17:49:12","slug":"coup-de-vent","status":"publish","type":"post","link":"https:\/\/djeepy-photographie.blogsite.org\/?p=619","title":{"rendered":"Coup de vent"},"content":{"rendered":"\n<p>Le M\u00f4le Des Noires au premier plan, et Le Grand B\u00e9. Photo prise \u00e0 Alet, en Bretagne.<\/p>\n\n\n\n<figure class=\"wp-block-image size-large is-resized\"><a href=\"https:\/\/djeepy-photographie.blogsite.org\/wp-content\/uploads\/2021\/06\/mole-des-noires.jpg\"><img loading=\"lazy\" decoding=\"async\" src=\"https:\/\/djeepy-photographie.blogsite.org\/wp-content\/uploads\/2021\/06\/mole-des-noires.jpg\" alt=\"photo de la baie de Saint-Malo sous le vent en portrait\" class=\"wp-image-773\" width=\"501\" height=\"750\"\/><\/a><figcaption>NIKON D7200 f\/5.6 1\/1000sec ISO-250 180mm<\/figcaption><\/figure>\n","protected":false},"excerpt":{"rendered":"<p>Le M\u00f4le Des Noires au premier plan, et Le Grand B\u00e9. Photo prise \u00e0 Alet, en Bretagne.<\/p>\n","protected":false},"author":1,"featured_media":768,"comment_status":"open","ping_status":"open","sticky":false,"template":"","format":"standard","meta":{"footnotes":""},"categories":[8,9,36],"tags":[],"class_list":["post-619","post","type-post","status-publish","format-standard","has-post-thumbnail","hentry","category-mer","category-paysage","category-pele-mele"],"_links":{"self":[{"href":"https:\/\/djeepy-photographie.blogsite.org\/index.php?rest_route=\/wp\/v2\/posts\/619","targetHints":{"allow":["GET"]}}],"collection":[{"href":"https:\/\/djeepy-photographie.blogsite.org\/index.php?rest_route=\/wp\/v2\/posts"}],"about":[{"href":"https:\/\/djeepy-photographie.blogsite.org\/index.php?rest_route=\/wp\/v2\/types\/post"}],"author":[{"embeddable":true,"href":"https:\/\/djeepy-photographie.blogsite.org\/index.php?rest_route=\/wp\/v2\/users\/1"}],"replies":[{"embeddable":true,"href":"https:\/\/djeepy-photographie.blogsite.org\/index.php?rest_route=%2Fwp%2Fv2%2Fcomments&post=619"}],"version-history":[{"count":5,"href":"https:\/\/djeepy-photographie.blogsite.org\/index.php?rest_route=\/wp\/v2\/posts\/619\/revisions"}],"predecessor-version":[{"id":1432,"href":"https:\/\/djeepy-photographie.blogsite.org\/index.php?rest_route=\/wp\/v2\/posts\/619\/revisions\/1432"}],"wp:featuredmedia":[{"embeddable":true,"href":"https:\/\/djeepy-photographie.blogsite.org\/index.php?rest_route=\/wp\/v2\/media\/768"}],"wp:attachment":[{"href":"https:\/\/djeepy-photographie.blogsite.org\/index.php?rest_route=%2Fwp%2Fv2%2Fmedia&parent=619"}],"wp:term":[{"taxonomy":"category","embeddable":true,"href":"https:\/\/djeepy-photographie.blogsite.org\/index.php?rest_route=%2Fwp%2Fv2%2Fcategories&post=619"},{"taxonomy":"post_tag","embeddable":true,"href":"https:\/\/djeepy-photographie.blogsite.org\/index.php?rest_route=%2Fwp%2Fv2%2Ftags&post=619"}],"curies":[{"name":"wp","href":"https:\/\/api.w.org\/{rel}","templated":true}]}}