{"id":670,"date":"2021-05-28T20:24:08","date_gmt":"2021-05-28T18:24:08","guid":{"rendered":"http:\/\/djeepy.dyndns.org\/?p=670"},"modified":"2021-09-15T08:40:47","modified_gmt":"2021-09-15T06:40:47","slug":"matin-calme","status":"publish","type":"post","link":"https:\/\/djeepy-photographie.blogsite.org\/?p=670","title":{"rendered":"Matin calme"},"content":{"rendered":"\n<p>Mar\u00e9e montante avec la rade de Cherbourg en arri\u00e8re plan. Photo prise \u00e0 Equeurdreville, dans le Cotentin.<\/p>\n\n\n\n<figure class=\"wp-block-image size-full is-resized\"><a href=\"https:\/\/djeepy-photographie.blogsite.org\/wp-content\/uploads\/2021\/09\/mer-bateaux.jpg\"><img loading=\"lazy\" decoding=\"async\" src=\"https:\/\/djeepy-photographie.blogsite.org\/wp-content\/uploads\/2021\/09\/mer-bateaux.jpg\" alt=\"les couleurs du ciel se refl\u00e8tent dans la mer\" class=\"wp-image-1467\" width=\"501\" height=\"750\" srcset=\"https:\/\/djeepy-photographie.blogsite.org\/wp-content\/uploads\/2021\/09\/mer-bateaux.jpg 1001w, https:\/\/djeepy-photographie.blogsite.org\/wp-content\/uploads\/2021\/09\/mer-bateaux-200x300.jpg 200w, https:\/\/djeepy-photographie.blogsite.org\/wp-content\/uploads\/2021\/09\/mer-bateaux-768x1151.jpg 768w, https:\/\/djeepy-photographie.blogsite.org\/wp-content\/uploads\/2021\/09\/mer-bateaux-830x1244.jpg 830w, https:\/\/djeepy-photographie.blogsite.org\/wp-content\/uploads\/2021\/09\/mer-bateaux-230x345.jpg 230w, https:\/\/djeepy-photographie.blogsite.org\/wp-content\/uploads\/2021\/09\/mer-bateaux-350x524.jpg 350w, https:\/\/djeepy-photographie.blogsite.org\/wp-content\/uploads\/2021\/09\/mer-bateaux-480x719.jpg 480w\" sizes=\"auto, (max-width: 501px) 100vw, 501px\" \/><\/a><figcaption>NIKON D7200 f\/5.6 1\/1000sec ISO-125 70mm<\/figcaption><\/figure>\n","protected":false},"excerpt":{"rendered":"<p>Mar\u00e9e montante avec la rade de Cherbourg en arri\u00e8re plan. Photo prise \u00e0 Equeurdreville, dans le Cotentin.<\/p>\n","protected":false},"author":1,"featured_media":1466,"comment_status":"open","ping_status":"open","sticky":false,"template":"","format":"standard","meta":{"footnotes":""},"categories":[8,9,36],"tags":[],"class_list":["post-670","post","type-post","status-publish","format-standard","has-post-thumbnail","hentry","category-mer","category-paysage","category-pele-mele"],"_links":{"self":[{"href":"https:\/\/djeepy-photographie.blogsite.org\/index.php?rest_route=\/wp\/v2\/posts\/670","targetHints":{"allow":["GET"]}}],"collection":[{"href":"https:\/\/djeepy-photographie.blogsite.org\/index.php?rest_route=\/wp\/v2\/posts"}],"about":[{"href":"https:\/\/djeepy-photographie.blogsite.org\/index.php?rest_route=\/wp\/v2\/types\/post"}],"author":[{"embeddable":true,"href":"https:\/\/djeepy-photographie.blogsite.org\/index.php?rest_route=\/wp\/v2\/users\/1"}],"replies":[{"embeddable":true,"href":"https:\/\/djeepy-photographie.blogsite.org\/index.php?rest_route=%2Fwp%2Fv2%2Fcomments&post=670"}],"version-history":[{"count":7,"href":"https:\/\/djeepy-photographie.blogsite.org\/index.php?rest_route=\/wp\/v2\/posts\/670\/revisions"}],"predecessor-version":[{"id":1475,"href":"https:\/\/djeepy-photographie.blogsite.org\/index.php?rest_route=\/wp\/v2\/posts\/670\/revisions\/1475"}],"wp:featuredmedia":[{"embeddable":true,"href":"https:\/\/djeepy-photographie.blogsite.org\/index.php?rest_route=\/wp\/v2\/media\/1466"}],"wp:attachment":[{"href":"https:\/\/djeepy-photographie.blogsite.org\/index.php?rest_route=%2Fwp%2Fv2%2Fmedia&parent=670"}],"wp:term":[{"taxonomy":"category","embeddable":true,"href":"https:\/\/djeepy-photographie.blogsite.org\/index.php?rest_route=%2Fwp%2Fv2%2Fcategories&post=670"},{"taxonomy":"post_tag","embeddable":true,"href":"https:\/\/djeepy-photographie.blogsite.org\/index.php?rest_route=%2Fwp%2Fv2%2Ftags&post=670"}],"curies":[{"name":"wp","href":"https:\/\/api.w.org\/{rel}","templated":true}]}}