{"id":672,"date":"2021-05-28T20:29:50","date_gmt":"2021-05-28T18:29:50","guid":{"rendered":"http:\/\/djeepy.dyndns.org\/?p=672"},"modified":"2021-09-15T08:41:22","modified_gmt":"2021-09-15T06:41:22","slug":"ambiance-marine","status":"publish","type":"post","link":"https:\/\/djeepy-photographie.blogsite.org\/?p=672","title":{"rendered":"Ambiance marine"},"content":{"rendered":"\n<p>Go\u00e9land et bateau avec le Fort de l&rsquo;\u00cele Pel\u00e9e en arri\u00e8re plan. Photo prise \u00e0 Equeurdreville, dans le Cotentin.<\/p>\n\n\n\n<figure class=\"wp-block-image size-full is-resized\"><a href=\"https:\/\/djeepy-photographie.blogsite.org\/wp-content\/uploads\/2021\/09\/bateau-goeland.jpg\"><img loading=\"lazy\" decoding=\"async\" src=\"https:\/\/djeepy-photographie.blogsite.org\/wp-content\/uploads\/2021\/09\/bateau-goeland.jpg\" alt=\"go\u00e9land qui passe \u00e0 c\u00f4t\u00e9 d'un bateau\" class=\"wp-image-1469\" width=\"750\" height=\"501\" srcset=\"https:\/\/djeepy-photographie.blogsite.org\/wp-content\/uploads\/2021\/09\/bateau-goeland.jpg 1500w, https:\/\/djeepy-photographie.blogsite.org\/wp-content\/uploads\/2021\/09\/bateau-goeland-300x200.jpg 300w, https:\/\/djeepy-photographie.blogsite.org\/wp-content\/uploads\/2021\/09\/bateau-goeland-768x513.jpg 768w, https:\/\/djeepy-photographie.blogsite.org\/wp-content\/uploads\/2021\/09\/bateau-goeland-830x554.jpg 830w, https:\/\/djeepy-photographie.blogsite.org\/wp-content\/uploads\/2021\/09\/bateau-goeland-230x153.jpg 230w, https:\/\/djeepy-photographie.blogsite.org\/wp-content\/uploads\/2021\/09\/bateau-goeland-350x234.jpg 350w, https:\/\/djeepy-photographie.blogsite.org\/wp-content\/uploads\/2021\/09\/bateau-goeland-480x320.jpg 480w\" sizes=\"auto, (max-width: 750px) 100vw, 750px\" \/><\/a><figcaption>NIKON D7200 f\/5.6 1\/640sec ISO-125 300mm<\/figcaption><\/figure>\n","protected":false},"excerpt":{"rendered":"<p>Go\u00e9land et bateau avec le Fort de l&rsquo;\u00cele Pel\u00e9e en arri\u00e8re plan. Photo prise \u00e0 Equeurdreville, dans le Cotentin.<\/p>\n","protected":false},"author":1,"featured_media":1468,"comment_status":"open","ping_status":"open","sticky":false,"template":"","format":"standard","meta":{"footnotes":""},"categories":[8,5,9,36],"tags":[],"class_list":["post-672","post","type-post","status-publish","format-standard","has-post-thumbnail","hentry","category-mer","category-oiseau","category-paysage","category-pele-mele"],"_links":{"self":[{"href":"https:\/\/djeepy-photographie.blogsite.org\/index.php?rest_route=\/wp\/v2\/posts\/672","targetHints":{"allow":["GET"]}}],"collection":[{"href":"https:\/\/djeepy-photographie.blogsite.org\/index.php?rest_route=\/wp\/v2\/posts"}],"about":[{"href":"https:\/\/djeepy-photographie.blogsite.org\/index.php?rest_route=\/wp\/v2\/types\/post"}],"author":[{"embeddable":true,"href":"https:\/\/djeepy-photographie.blogsite.org\/index.php?rest_route=\/wp\/v2\/users\/1"}],"replies":[{"embeddable":true,"href":"https:\/\/djeepy-photographie.blogsite.org\/index.php?rest_route=%2Fwp%2Fv2%2Fcomments&post=672"}],"version-history":[{"count":6,"href":"https:\/\/djeepy-photographie.blogsite.org\/index.php?rest_route=\/wp\/v2\/posts\/672\/revisions"}],"predecessor-version":[{"id":1476,"href":"https:\/\/djeepy-photographie.blogsite.org\/index.php?rest_route=\/wp\/v2\/posts\/672\/revisions\/1476"}],"wp:featuredmedia":[{"embeddable":true,"href":"https:\/\/djeepy-photographie.blogsite.org\/index.php?rest_route=\/wp\/v2\/media\/1468"}],"wp:attachment":[{"href":"https:\/\/djeepy-photographie.blogsite.org\/index.php?rest_route=%2Fwp%2Fv2%2Fmedia&parent=672"}],"wp:term":[{"taxonomy":"category","embeddable":true,"href":"https:\/\/djeepy-photographie.blogsite.org\/index.php?rest_route=%2Fwp%2Fv2%2Fcategories&post=672"},{"taxonomy":"post_tag","embeddable":true,"href":"https:\/\/djeepy-photographie.blogsite.org\/index.php?rest_route=%2Fwp%2Fv2%2Ftags&post=672"}],"curies":[{"name":"wp","href":"https:\/\/api.w.org\/{rel}","templated":true}]}}